{"id":179,"date":"2015-02-20T13:13:08","date_gmt":"2015-02-20T12:13:08","guid":{"rendered":"http:\/\/anthony-weber.fr\/?p=179"},"modified":"2015-04-26T20:35:47","modified_gmt":"2015-04-26T19:35:47","slug":"france-bleu-allaitement-maternel","status":"publish","type":"post","link":"http:\/\/anthony-weber.fr\/?p=179","title":{"rendered":"France bleu &#8211; Allaitement maternel"},"content":{"rendered":"<h1 class=\"title\">Allaitement maternel<\/h1>\n<div class=\"metas top clearfix\">\n<div class=\"date\"><strong>Vendredi 20 f\u00e9vrier 2015\u00a0<\/strong>\u00e0 15h01<\/div>\n<\/div>\n<div class=\"emission-player clearfix\">\n<div class=\"listen\">(Re)\u00e9couter cette \u00e9mission<em>Disponible jusqu&rsquo;au 04 juillet 2016<\/em><\/div>\n<p><iframe loading=\"lazy\" src=\"http:\/\/www.francebleu.fr\/player\/export-inline?content=2163251\" width=\"100%;\" height=\"37px;\"><\/iframe><\/p>\n<\/div>\n<div class=\"article-content-wrapper\">\n<div class=\"article-content wysiwyg\">\n<h2 class=\"chapo\">Allaitement maternel<\/h2>\n<div class=\"field field-type-multimedia-editorial-element field-field-contenu\">\n<div class=\"field-items\">\n<div class=\"field-item odd\">\n<p>L&rsquo;allaitement maternel une exp\u00e9rience souvent d\u00e9crite comme unique mais qui a aussi son lot parfois de d\u00e9sagr\u00e9ments et de questions.<br \/>\nNous en parlerons avec Anthony Weber sage femme en lib\u00e9ral en direct sur France Bleu Creuse \u00e0 14 heures.<\/p>\n<\/div>\n<\/div>\n<\/div>\n<\/div>\n<\/div>\n<p><a href=\"http:\/\/www.francebleu.fr\/loisirs\/parlons-zen\/allaitement-maternel\">A \u00e9couter ici\u00a0<\/a><\/p>\n","protected":false},"excerpt":{"rendered":"<p>Allaitement maternel Vendredi 20 f\u00e9vrier 2015\u00a0\u00e0 15h01 (Re)\u00e9couter cette \u00e9missionDisponible jusqu&rsquo;au 04 juillet 2016 Allaitement maternel L&rsquo;allaitement maternel une exp\u00e9rience souvent d\u00e9crite comme unique mais qui a aussi son lot parfois de d\u00e9sagr\u00e9ments et de questions. Nous en parlerons avec<\/p>\n","protected":false},"author":1,"featured_media":188,"comment_status":"closed","ping_status":"closed","sticky":false,"template":"","format":"standard","meta":{"footnotes":""},"categories":[5],"tags":[14,18,8,15,11,10,17,16,9,13,12],"_links":{"self":[{"href":"http:\/\/anthony-weber.fr\/index.php?rest_route=\/wp\/v2\/posts\/179"}],"collection":[{"href":"http:\/\/anthony-weber.fr\/index.php?rest_route=\/wp\/v2\/posts"}],"about":[{"href":"http:\/\/anthony-weber.fr\/index.php?rest_route=\/wp\/v2\/types\/post"}],"author":[{"embeddable":true,"href":"http:\/\/anthony-weber.fr\/index.php?rest_route=\/wp\/v2\/users\/1"}],"replies":[{"embeddable":true,"href":"http:\/\/anthony-weber.fr\/index.php?rest_route=%2Fwp%2Fv2%2Fcomments&post=179"}],"version-history":[{"count":2,"href":"http:\/\/anthony-weber.fr\/index.php?rest_route=\/wp\/v2\/posts\/179\/revisions"}],"predecessor-version":[{"id":181,"href":"http:\/\/anthony-weber.fr\/index.php?rest_route=\/wp\/v2\/posts\/179\/revisions\/181"}],"wp:featuredmedia":[{"embeddable":true,"href":"http:\/\/anthony-weber.fr\/index.php?rest_route=\/wp\/v2\/media\/188"}],"wp:attachment":[{"href":"http:\/\/anthony-weber.fr\/index.php?rest_route=%2Fwp%2Fv2%2Fmedia&parent=179"}],"wp:term":[{"taxonomy":"category","embeddable":true,"href":"http:\/\/anthony-weber.fr\/index.php?rest_route=%2Fwp%2Fv2%2Fcategories&post=179"},{"taxonomy":"post_tag","embeddable":true,"href":"http:\/\/anthony-weber.fr\/index.php?rest_route=%2Fwp%2Fv2%2Ftags&post=179"}],"curies":[{"name":"wp","href":"https:\/\/api.w.org\/{rel}","templated":true}]}}