{"id":197,"date":"2014-04-22T14:29:15","date_gmt":"2014-04-22T13:29:15","guid":{"rendered":"http:\/\/anthony-weber.fr\/?p=197"},"modified":"2015-04-26T20:36:52","modified_gmt":"2015-04-26T19:36:52","slug":"soutien-stand-up-for-african-mother","status":"publish","type":"post","link":"http:\/\/anthony-weber.fr\/?p=197","title":{"rendered":"Soutien Stand up for African Mother"},"content":{"rendered":"<p>Depuis le lancement de la campagne, de nombreux partenaires se sont engag\u00e9s aux c\u00f4t\u00e9s de l\u2019AMREF et de Gra\u00e7a Machel Mandela pour soutenir les programmes de formation de sages-femmes sur le terrain et donner un \u00e9cho international \u00e0 la campagne. L\u2019AMREF remercie sinc\u00e8rement tous ces partenaires, qui ensemble jouent un r\u00f4le crucial pour les mamans et les b\u00e9b\u00e9s d\u2019Afrique.<\/p>\n<p><a href=\"http:\/\/amref.fr\/standupforafricanmothers\/soutiennent-campagne\/\">A lire ici<\/a><\/p>\n","protected":false},"excerpt":{"rendered":"<p>Depuis le lancement de la campagne, de nombreux partenaires se sont engag\u00e9s aux c\u00f4t\u00e9s de l\u2019AMREF et de Gra\u00e7a Machel Mandela pour soutenir les programmes de formation de sages-femmes sur le terrain et donner un \u00e9cho international \u00e0 la campagne.<\/p>\n","protected":false},"author":1,"featured_media":202,"comment_status":"closed","ping_status":"closed","sticky":false,"template":"","format":"quote","meta":{"footnotes":""},"categories":[5],"tags":[14,18,19,8,15,11,10,17,16,9,20,13,12],"_links":{"self":[{"href":"http:\/\/anthony-weber.fr\/index.php?rest_route=\/wp\/v2\/posts\/197"}],"collection":[{"href":"http:\/\/anthony-weber.fr\/index.php?rest_route=\/wp\/v2\/posts"}],"about":[{"href":"http:\/\/anthony-weber.fr\/index.php?rest_route=\/wp\/v2\/types\/post"}],"author":[{"embeddable":true,"href":"http:\/\/anthony-weber.fr\/index.php?rest_route=\/wp\/v2\/users\/1"}],"replies":[{"embeddable":true,"href":"http:\/\/anthony-weber.fr\/index.php?rest_route=%2Fwp%2Fv2%2Fcomments&post=197"}],"version-history":[{"count":1,"href":"http:\/\/anthony-weber.fr\/index.php?rest_route=\/wp\/v2\/posts\/197\/revisions"}],"predecessor-version":[{"id":199,"href":"http:\/\/anthony-weber.fr\/index.php?rest_route=\/wp\/v2\/posts\/197\/revisions\/199"}],"wp:featuredmedia":[{"embeddable":true,"href":"http:\/\/anthony-weber.fr\/index.php?rest_route=\/wp\/v2\/media\/202"}],"wp:attachment":[{"href":"http:\/\/anthony-weber.fr\/index.php?rest_route=%2Fwp%2Fv2%2Fmedia&parent=197"}],"wp:term":[{"taxonomy":"category","embeddable":true,"href":"http:\/\/anthony-weber.fr\/index.php?rest_route=%2Fwp%2Fv2%2Fcategories&post=197"},{"taxonomy":"post_tag","embeddable":true,"href":"http:\/\/anthony-weber.fr\/index.php?rest_route=%2Fwp%2Fv2%2Ftags&post=197"}],"curies":[{"name":"wp","href":"https:\/\/api.w.org\/{rel}","templated":true}]}}